{"id":1813,"date":"2021-10-08T00:04:49","date_gmt":"2021-10-08T00:04:49","guid":{"rendered":"http:\/\/adegacooperativadesabrosa.pt\/adega\/?p=1813"},"modified":"2021-10-08T00:04:51","modified_gmt":"2021-10-08T00:04:51","slug":"porto-white-santo-nino","status":"publish","type":"post","link":"http:\/\/adegacooperativadesabrosa.pt\/adega\/2021\/10\/08\/porto-white-santo-nino\/","title":{"rendered":"Porto White \u201dSanto Ni\u00f1o\u201d"},"content":{"rendered":"\n<p>Porto White \u201d Santo Ni\u00f1o\u201d foi criado para celebrar a chegada do Cristianismo \u00e0s Filipinas, levada pelas m\u00e3os de Fern\u00e3o de Magalh\u00e3es e simbolicamente representado pelo Santo Ni\u00f1o e pela Cruz de Cristo.<\/p>\n","protected":false},"excerpt":{"rendered":"<p>Porto White \u201d Santo Ni\u00f1o\u201d foi criado para celebrar a chegada do Cristianismo \u00e0s Filipinas, levada pelas m\u00e3os de Fern\u00e3o de Magalh\u00e3es e simbolicamente representado pelo Santo Ni\u00f1o e pela Cruz de Cristo.<\/p>\n","protected":false},"author":2,"featured_media":1814,"comment_status":"closed","ping_status":"open","sticky":false,"template":"","format":"standard","meta":{"ngg_post_thumbnail":0},"categories":[48],"tags":[],"_links":{"self":[{"href":"http:\/\/adegacooperativadesabrosa.pt\/adega\/wp-json\/wp\/v2\/posts\/1813"}],"collection":[{"href":"http:\/\/adegacooperativadesabrosa.pt\/adega\/wp-json\/wp\/v2\/posts"}],"about":[{"href":"http:\/\/adegacooperativadesabrosa.pt\/adega\/wp-json\/wp\/v2\/types\/post"}],"author":[{"embeddable":true,"href":"http:\/\/adegacooperativadesabrosa.pt\/adega\/wp-json\/wp\/v2\/users\/2"}],"replies":[{"embeddable":true,"href":"http:\/\/adegacooperativadesabrosa.pt\/adega\/wp-json\/wp\/v2\/comments?post=1813"}],"version-history":[{"count":1,"href":"http:\/\/adegacooperativadesabrosa.pt\/adega\/wp-json\/wp\/v2\/posts\/1813\/revisions"}],"predecessor-version":[{"id":1815,"href":"http:\/\/adegacooperativadesabrosa.pt\/adega\/wp-json\/wp\/v2\/posts\/1813\/revisions\/1815"}],"wp:featuredmedia":[{"embeddable":true,"href":"http:\/\/adegacooperativadesabrosa.pt\/adega\/wp-json\/wp\/v2\/media\/1814"}],"wp:attachment":[{"href":"http:\/\/adegacooperativadesabrosa.pt\/adega\/wp-json\/wp\/v2\/media?parent=1813"}],"wp:term":[{"taxonomy":"category","embeddable":true,"href":"http:\/\/adegacooperativadesabrosa.pt\/adega\/wp-json\/wp\/v2\/categories?post=1813"},{"taxonomy":"post_tag","embeddable":true,"href":"http:\/\/adegacooperativadesabrosa.pt\/adega\/wp-json\/wp\/v2\/tags?post=1813"}],"curies":[{"name":"wp","href":"https:\/\/api.w.org\/{rel}","templated":true}]}}