{"id":637,"date":"2018-07-02T16:11:02","date_gmt":"2018-07-02T16:11:02","guid":{"rendered":"http:\/\/adegacooperativadesabrosa.pt\/adega\/?p=637"},"modified":"2021-10-07T23:44:46","modified_gmt":"2021-10-07T23:44:46","slug":"porto-10-anos-fernao-de-magalhaes","status":"publish","type":"post","link":"http:\/\/adegacooperativadesabrosa.pt\/adega\/2018\/07\/02\/porto-10-anos-fernao-de-magalhaes\/","title":{"rendered":"Porto 10 anos Fern\u00e3o de Magalh\u00e3es"},"content":{"rendered":"<p><strong>Castas<\/strong><br \/>\nTouriga Nacional, Touriga Franca, Mourisco<\/p>\n<p><strong>Caracter\u00edsticas F\u00edsico-qu\u00edmicas<\/strong><br \/>\nTeor alco\u00f3lico (\u00ba) &#8211; 19.5%<br \/>\nAcidez Total &#8211; 4.58 g\/L<br \/>\npH &#8211; 3.48<\/p>\n<p><strong>Cor<\/strong><br \/>\nAloirado<\/p>\n<p><strong>Aroma<\/strong><br \/>\nIntenso, com notas de frutos secos e fruta madura, apresenta nuances de madeira<\/p>\n<p><strong>Boca<\/strong><br \/>\nDoce, com volume, deixando na boca um sabor prolongado<\/p>\n<p><strong>Gastronomia<\/strong><br \/>\nIdeal para acompanhar sobremesas<\/p>\n<p><strong>En\u00f3loga<\/strong><br \/>\nCeleste Marques<\/p>\n","protected":false},"excerpt":{"rendered":"<p>Castas Touriga Nacional, Touriga Franca, Mourisco Caracter\u00edsticas F\u00edsico-qu\u00edmicas Teor alco\u00f3lico (\u00ba) &#8211; 19.5% Acidez Total &#8211; 4.58 g\/L pH &#8211; 3.48 Cor Aloirado Aroma Intenso, com notas de frutos secos e fruta madura, apresenta nuances de madeira Boca Doce, com volume, deixando na boca um sabor prolongado Gastronomia Ideal para acompanhar sobremesas En\u00f3loga Celeste Marques<\/p>\n","protected":false},"author":2,"featured_media":1804,"comment_status":"closed","ping_status":"open","sticky":false,"template":"post-templates\/post_nosidebar.php","format":"standard","meta":{"ngg_post_thumbnail":0},"categories":[2,48],"tags":[],"_links":{"self":[{"href":"http:\/\/adegacooperativadesabrosa.pt\/adega\/wp-json\/wp\/v2\/posts\/637"}],"collection":[{"href":"http:\/\/adegacooperativadesabrosa.pt\/adega\/wp-json\/wp\/v2\/posts"}],"about":[{"href":"http:\/\/adegacooperativadesabrosa.pt\/adega\/wp-json\/wp\/v2\/types\/post"}],"author":[{"embeddable":true,"href":"http:\/\/adegacooperativadesabrosa.pt\/adega\/wp-json\/wp\/v2\/users\/2"}],"replies":[{"embeddable":true,"href":"http:\/\/adegacooperativadesabrosa.pt\/adega\/wp-json\/wp\/v2\/comments?post=637"}],"version-history":[{"count":3,"href":"http:\/\/adegacooperativadesabrosa.pt\/adega\/wp-json\/wp\/v2\/posts\/637\/revisions"}],"predecessor-version":[{"id":814,"href":"http:\/\/adegacooperativadesabrosa.pt\/adega\/wp-json\/wp\/v2\/posts\/637\/revisions\/814"}],"wp:featuredmedia":[{"embeddable":true,"href":"http:\/\/adegacooperativadesabrosa.pt\/adega\/wp-json\/wp\/v2\/media\/1804"}],"wp:attachment":[{"href":"http:\/\/adegacooperativadesabrosa.pt\/adega\/wp-json\/wp\/v2\/media?parent=637"}],"wp:term":[{"taxonomy":"category","embeddable":true,"href":"http:\/\/adegacooperativadesabrosa.pt\/adega\/wp-json\/wp\/v2\/categories?post=637"},{"taxonomy":"post_tag","embeddable":true,"href":"http:\/\/adegacooperativadesabrosa.pt\/adega\/wp-json\/wp\/v2\/tags?post=637"}],"curies":[{"name":"wp","href":"https:\/\/api.w.org\/{rel}","templated":true}]}}