{"id":641,"date":"2018-07-02T16:45:23","date_gmt":"2018-07-02T16:45:23","guid":{"rendered":"http:\/\/adegacooperativadesabrosa.pt\/adega\/?p=641"},"modified":"2021-10-07T23:01:25","modified_gmt":"2021-10-07T23:01:25","slug":"vinho-tinto-adega-de-sabrosa","status":"publish","type":"post","link":"http:\/\/adegacooperativadesabrosa.pt\/adega\/2018\/07\/02\/vinho-tinto-adega-de-sabrosa\/","title":{"rendered":"Vinho Tinto Adega de Sabrosa"},"content":{"rendered":"<p class=\"p2\"><b>Castas<br \/>\n<\/b>Mistura de castas Tintas<\/p>\n<p class=\"p2\"><b>Caracter\u00edsticas F\u00edsico-qu\u00edmicas<br \/>\n<\/b><b>Teor alco\u00f3lico (\u00ba) &#8211; <\/b>12. 50 %<br \/>\n<b>Acidez Total &#8211; <\/b>5.25 g\/L<br \/>\n<b>pH &#8211; <\/b>3.72<\/p>\n<p class=\"p2\"><b>Cor<br \/>\n<\/b>Ruby<\/p>\n<p class=\"p2\"><b>Aroma<br \/>\n<\/b>Frutado com notas de frutos silvestres<\/p>\n<p class=\"p2\"><b>Boca<br \/>\n<\/b>Corpo m\u00e9dio e equilibrado<\/p>\n<p class=\"p2\"><b>Gastronomia<br \/>\n<\/b>Ideal no acompanhamento de carnes vermelhas<\/p>\n<p class=\"p4\"><b>En\u00f3logo<br \/>\n<\/b>Celeste Marques<\/p>\n","protected":false},"excerpt":{"rendered":"<p>Castas Mistura de castas Tintas Caracter\u00edsticas F\u00edsico-qu\u00edmicas Teor alco\u00f3lico (\u00ba) &#8211; 12. 50 % Acidez Total &#8211; 5.25 g\/L pH &#8211; 3.72 Cor Ruby Aroma Frutado com notas de frutos silvestres Boca Corpo m\u00e9dio e equilibrado Gastronomia Ideal no acompanhamento de carnes vermelhas En\u00f3logo Celeste Marques<\/p>\n","protected":false},"author":2,"featured_media":1785,"comment_status":"closed","ping_status":"open","sticky":false,"template":"post-templates\/post_nosidebar.php","format":"standard","meta":{"ngg_post_thumbnail":0},"categories":[2,3],"tags":[],"_links":{"self":[{"href":"http:\/\/adegacooperativadesabrosa.pt\/adega\/wp-json\/wp\/v2\/posts\/641"}],"collection":[{"href":"http:\/\/adegacooperativadesabrosa.pt\/adega\/wp-json\/wp\/v2\/posts"}],"about":[{"href":"http:\/\/adegacooperativadesabrosa.pt\/adega\/wp-json\/wp\/v2\/types\/post"}],"author":[{"embeddable":true,"href":"http:\/\/adegacooperativadesabrosa.pt\/adega\/wp-json\/wp\/v2\/users\/2"}],"replies":[{"embeddable":true,"href":"http:\/\/adegacooperativadesabrosa.pt\/adega\/wp-json\/wp\/v2\/comments?post=641"}],"version-history":[{"count":3,"href":"http:\/\/adegacooperativadesabrosa.pt\/adega\/wp-json\/wp\/v2\/posts\/641\/revisions"}],"predecessor-version":[{"id":813,"href":"http:\/\/adegacooperativadesabrosa.pt\/adega\/wp-json\/wp\/v2\/posts\/641\/revisions\/813"}],"wp:featuredmedia":[{"embeddable":true,"href":"http:\/\/adegacooperativadesabrosa.pt\/adega\/wp-json\/wp\/v2\/media\/1785"}],"wp:attachment":[{"href":"http:\/\/adegacooperativadesabrosa.pt\/adega\/wp-json\/wp\/v2\/media?parent=641"}],"wp:term":[{"taxonomy":"category","embeddable":true,"href":"http:\/\/adegacooperativadesabrosa.pt\/adega\/wp-json\/wp\/v2\/categories?post=641"},{"taxonomy":"post_tag","embeddable":true,"href":"http:\/\/adegacooperativadesabrosa.pt\/adega\/wp-json\/wp\/v2\/tags?post=641"}],"curies":[{"name":"wp","href":"https:\/\/api.w.org\/{rel}","templated":true}]}}