{"id":662,"date":"2021-10-07T22:44:20","date_gmt":"2021-10-07T22:44:20","guid":{"rendered":"http:\/\/adegacooperativadesabrosa.pt\/adega\/?p=662"},"modified":"2021-10-07T22:44:22","modified_gmt":"2021-10-07T22:44:22","slug":"rose-caves-de-sabrosa","status":"publish","type":"post","link":"http:\/\/adegacooperativadesabrosa.pt\/adega\/2021\/10\/07\/rose-caves-de-sabrosa\/","title":{"rendered":"Vinho Ros\u00e9 Caves de Sabrosa"},"content":{"rendered":"<p class=\"p3\"><b>Castas<br \/>\n<\/b>Mistura de diversas castas como Touriga Nacional, Touriga Franca e Mourisco<\/p>\n<p class=\"p3\"><b>Caracter\u00edsticas F\u00edsico-qu\u00edmicas<br \/>\n<\/b><b>Teor alco\u00f3lico (\u00ba) \u2013 <\/b>13.0%<br \/>\n<b>Acidez Total &#8211; <\/b>5.025 g\/L<br \/>\n<b>pH \u2013 <\/b>3.45<\/p>\n<p class=\"p3\"><b>Cor<br \/>\n<\/b>Vermelho Cereja<\/p>\n<p class=\"p3\"><b>Aroma<br \/>\n<\/b>Aroma intenso a frutos vermelhos, como framboesa, groselha<\/p>\n<p class=\"p3\"><b>Boca<br \/>\n<\/b>Equil\u00edbrio bem conseguido pela textura jovem, suave e doce<\/p>\n<p class=\"p3\"><b>Gastronomia<br \/>\n<\/b>Ideal como aperitivo, acompanhamento de pratos ligeiros como saladas, carnes brancas e ainda comida asi\u00e1tica<\/p>\n<p class=\"p3\"><b>En\u00f3logo<br \/>\n<\/b>Celeste Marques<\/p>\n","protected":false},"excerpt":{"rendered":"<p>Castas Mistura de diversas castas como Touriga Nacional, Touriga Franca e Mourisco Caracter\u00edsticas F\u00edsico-qu\u00edmicas Teor alco\u00f3lico (\u00ba) \u2013 13.0% Acidez Total &#8211; 5.025 g\/L pH \u2013 3.45 Cor Vermelho Cereja Aroma Aroma intenso a frutos vermelhos, como framboesa, groselha Boca Equil\u00edbrio bem conseguido pela textura jovem, suave e doce Gastronomia Ideal como aperitivo, acompanhamento de [&hellip;]<\/p>\n","protected":false},"author":2,"featured_media":1780,"comment_status":"open","ping_status":"open","sticky":false,"template":"post-templates\/post_nosidebar.php","format":"standard","meta":{"ngg_post_thumbnail":0},"categories":[2,3],"tags":[],"_links":{"self":[{"href":"http:\/\/adegacooperativadesabrosa.pt\/adega\/wp-json\/wp\/v2\/posts\/662"}],"collection":[{"href":"http:\/\/adegacooperativadesabrosa.pt\/adega\/wp-json\/wp\/v2\/posts"}],"about":[{"href":"http:\/\/adegacooperativadesabrosa.pt\/adega\/wp-json\/wp\/v2\/types\/post"}],"author":[{"embeddable":true,"href":"http:\/\/adegacooperativadesabrosa.pt\/adega\/wp-json\/wp\/v2\/users\/2"}],"replies":[{"embeddable":true,"href":"http:\/\/adegacooperativadesabrosa.pt\/adega\/wp-json\/wp\/v2\/comments?post=662"}],"version-history":[{"count":3,"href":"http:\/\/adegacooperativadesabrosa.pt\/adega\/wp-json\/wp\/v2\/posts\/662\/revisions"}],"predecessor-version":[{"id":1781,"href":"http:\/\/adegacooperativadesabrosa.pt\/adega\/wp-json\/wp\/v2\/posts\/662\/revisions\/1781"}],"wp:featuredmedia":[{"embeddable":true,"href":"http:\/\/adegacooperativadesabrosa.pt\/adega\/wp-json\/wp\/v2\/media\/1780"}],"wp:attachment":[{"href":"http:\/\/adegacooperativadesabrosa.pt\/adega\/wp-json\/wp\/v2\/media?parent=662"}],"wp:term":[{"taxonomy":"category","embeddable":true,"href":"http:\/\/adegacooperativadesabrosa.pt\/adega\/wp-json\/wp\/v2\/categories?post=662"},{"taxonomy":"post_tag","embeddable":true,"href":"http:\/\/adegacooperativadesabrosa.pt\/adega\/wp-json\/wp\/v2\/tags?post=662"}],"curies":[{"name":"wp","href":"https:\/\/api.w.org\/{rel}","templated":true}]}}