{"id":668,"date":"2018-07-02T16:57:13","date_gmt":"2018-07-02T16:57:13","guid":{"rendered":"http:\/\/adegacooperativadesabrosa.pt\/adega\/?p=668"},"modified":"2021-10-07T23:42:49","modified_gmt":"2021-10-07T23:42:49","slug":"moscatel-douro-fernao-de-magalhaes","status":"publish","type":"post","link":"http:\/\/adegacooperativadesabrosa.pt\/adega\/2018\/07\/02\/moscatel-douro-fernao-de-magalhaes\/","title":{"rendered":"Moscatel Douro Fern\u00e3o de Magalh\u00e3es"},"content":{"rendered":"<p class=\"p3\"><b>Castas<br \/>\n<\/b>Composto unicamente pela casta Moscatel Galego Branco<\/p>\n<p class=\"p3\"><b>Caracter\u00edsticas F\u00edsico-qu\u00edmicas<br \/>\n<\/b><b>Teor alco\u00f3lico (\u00ba) \u2013 <\/b>17.00%<br \/>\n<b>Acidez Total &#8211; <\/b>4.7 g\/L<br \/>\n<b>pH &#8211; <\/b>3.37<\/p>\n<p class=\"p3\"><b>Cor<br \/>\n<\/b>Dourado<\/p>\n<p class=\"p3\"><b>Aroma<br \/>\n<\/b>Notas de p\u00eassego, mel e caramelo<\/p>\n<p class=\"p3\"><b>Boca<br \/>\n<\/b>Final de boca doce e encorpado<\/p>\n<p class=\"p3\"><b>Gastronomia<br \/>\n<\/b>Ideal para acompanhar sobremesas doces<\/p>\n<p class=\"p3\"><b>En\u00f3logo<br \/>\n<\/b>Celeste Marques<\/p>\n","protected":false},"excerpt":{"rendered":"<p>Castas Composto unicamente pela casta Moscatel Galego Branco Caracter\u00edsticas F\u00edsico-qu\u00edmicas Teor alco\u00f3lico (\u00ba) \u2013 17.00% Acidez Total &#8211; 4.7 g\/L pH &#8211; 3.37 Cor Dourado Aroma Notas de p\u00eassego, mel e caramelo Boca Final de boca doce e encorpado Gastronomia Ideal para acompanhar sobremesas doces En\u00f3logo Celeste Marques<\/p>\n","protected":false},"author":2,"featured_media":1802,"comment_status":"closed","ping_status":"open","sticky":false,"template":"post-templates\/post_nosidebar.php","format":"standard","meta":{"ngg_post_thumbnail":0},"categories":[2,48],"tags":[],"_links":{"self":[{"href":"http:\/\/adegacooperativadesabrosa.pt\/adega\/wp-json\/wp\/v2\/posts\/668"}],"collection":[{"href":"http:\/\/adegacooperativadesabrosa.pt\/adega\/wp-json\/wp\/v2\/posts"}],"about":[{"href":"http:\/\/adegacooperativadesabrosa.pt\/adega\/wp-json\/wp\/v2\/types\/post"}],"author":[{"embeddable":true,"href":"http:\/\/adegacooperativadesabrosa.pt\/adega\/wp-json\/wp\/v2\/users\/2"}],"replies":[{"embeddable":true,"href":"http:\/\/adegacooperativadesabrosa.pt\/adega\/wp-json\/wp\/v2\/comments?post=668"}],"version-history":[{"count":2,"href":"http:\/\/adegacooperativadesabrosa.pt\/adega\/wp-json\/wp\/v2\/posts\/668\/revisions"}],"predecessor-version":[{"id":806,"href":"http:\/\/adegacooperativadesabrosa.pt\/adega\/wp-json\/wp\/v2\/posts\/668\/revisions\/806"}],"wp:featuredmedia":[{"embeddable":true,"href":"http:\/\/adegacooperativadesabrosa.pt\/adega\/wp-json\/wp\/v2\/media\/1802"}],"wp:attachment":[{"href":"http:\/\/adegacooperativadesabrosa.pt\/adega\/wp-json\/wp\/v2\/media?parent=668"}],"wp:term":[{"taxonomy":"category","embeddable":true,"href":"http:\/\/adegacooperativadesabrosa.pt\/adega\/wp-json\/wp\/v2\/categories?post=668"},{"taxonomy":"post_tag","embeddable":true,"href":"http:\/\/adegacooperativadesabrosa.pt\/adega\/wp-json\/wp\/v2\/tags?post=668"}],"curies":[{"name":"wp","href":"https:\/\/api.w.org\/{rel}","templated":true}]}}