{"id":670,"date":"2018-07-02T16:57:45","date_gmt":"2018-07-02T16:57:45","guid":{"rendered":"http:\/\/adegacooperativadesabrosa.pt\/adega\/?p=670"},"modified":"2021-10-07T23:42:08","modified_gmt":"2021-10-07T23:42:08","slug":"porto-white-fernao-de-magalhaes","status":"publish","type":"post","link":"http:\/\/adegacooperativadesabrosa.pt\/adega\/2018\/07\/02\/porto-white-fernao-de-magalhaes\/","title":{"rendered":"Porto White Fern\u00e3o de Magalh\u00e3es"},"content":{"rendered":"<p class=\"p3\"><b>Castas<br \/>\n<\/b>Composto pelas castas Rabigato, Malvasia Fina, Moscatel Galego e Gouveio<\/p>\n<p class=\"p3\"><b>Caracter\u00edsticas F\u00edsico-qu\u00edmicas<br \/>\n<\/b><b>Teor alco\u00f3lico (\u00ba) &#8211; <\/b>19.4%<br \/>\n<b>Acidez Total &#8211; <\/b>3.6g\/L<br \/>\n<b>pH &#8211; <\/b>3.49<\/p>\n<p class=\"p3\"><b>Cor<br \/>\n<\/b>Branco &#8211; Dourado<\/p>\n<p class=\"p3\"><b>Aroma<br \/>\n<\/b>Aromas florais e frutados, com notas de frutos secos, nomeadamente am\u00eandoa<\/p>\n<p class=\"p3\"><b>Boca<br \/>\n<\/b>Final de boca doce, equilibrado com acidez e frescura<\/p>\n<p class=\"p3\"><b>Gastronomia<br \/>\n<\/b>Ideal como aperitivo. O Loreto T\u00f3nico \u00e9 uma \u00f3tima op\u00e7\u00e3o para ser disfrutado no Ver\u00e3o<\/p>\n<p class=\"p3\"><b>En\u00f3logo<br \/>\n<\/b>Celeste Marques<\/p>\n","protected":false},"excerpt":{"rendered":"<p>Castas Composto pelas castas Rabigato, Malvasia Fina, Moscatel Galego e Gouveio Caracter\u00edsticas F\u00edsico-qu\u00edmicas Teor alco\u00f3lico (\u00ba) &#8211; 19.4% Acidez Total &#8211; 3.6g\/L pH &#8211; 3.49 Cor Branco &#8211; Dourado Aroma Aromas florais e frutados, com notas de frutos secos, nomeadamente am\u00eandoa Boca Final de boca doce, equilibrado com acidez e frescura Gastronomia Ideal como aperitivo. [&hellip;]<\/p>\n","protected":false},"author":2,"featured_media":1801,"comment_status":"closed","ping_status":"open","sticky":false,"template":"post-templates\/post_nosidebar.php","format":"standard","meta":{"ngg_post_thumbnail":0},"categories":[2,48],"tags":[],"_links":{"self":[{"href":"http:\/\/adegacooperativadesabrosa.pt\/adega\/wp-json\/wp\/v2\/posts\/670"}],"collection":[{"href":"http:\/\/adegacooperativadesabrosa.pt\/adega\/wp-json\/wp\/v2\/posts"}],"about":[{"href":"http:\/\/adegacooperativadesabrosa.pt\/adega\/wp-json\/wp\/v2\/types\/post"}],"author":[{"embeddable":true,"href":"http:\/\/adegacooperativadesabrosa.pt\/adega\/wp-json\/wp\/v2\/users\/2"}],"replies":[{"embeddable":true,"href":"http:\/\/adegacooperativadesabrosa.pt\/adega\/wp-json\/wp\/v2\/comments?post=670"}],"version-history":[{"count":2,"href":"http:\/\/adegacooperativadesabrosa.pt\/adega\/wp-json\/wp\/v2\/posts\/670\/revisions"}],"predecessor-version":[{"id":799,"href":"http:\/\/adegacooperativadesabrosa.pt\/adega\/wp-json\/wp\/v2\/posts\/670\/revisions\/799"}],"wp:featuredmedia":[{"embeddable":true,"href":"http:\/\/adegacooperativadesabrosa.pt\/adega\/wp-json\/wp\/v2\/media\/1801"}],"wp:attachment":[{"href":"http:\/\/adegacooperativadesabrosa.pt\/adega\/wp-json\/wp\/v2\/media?parent=670"}],"wp:term":[{"taxonomy":"category","embeddable":true,"href":"http:\/\/adegacooperativadesabrosa.pt\/adega\/wp-json\/wp\/v2\/categories?post=670"},{"taxonomy":"post_tag","embeddable":true,"href":"http:\/\/adegacooperativadesabrosa.pt\/adega\/wp-json\/wp\/v2\/tags?post=670"}],"curies":[{"name":"wp","href":"https:\/\/api.w.org\/{rel}","templated":true}]}}