{"id":678,"date":"2018-07-02T17:00:11","date_gmt":"2018-07-02T17:00:11","guid":{"rendered":"http:\/\/adegacooperativadesabrosa.pt\/adega\/?p=678"},"modified":"2021-10-07T23:20:30","modified_gmt":"2021-10-07T23:20:30","slug":"doc-tinto-fernao-de-magalhaes","status":"publish","type":"post","link":"http:\/\/adegacooperativadesabrosa.pt\/adega\/2018\/07\/02\/doc-tinto-fernao-de-magalhaes\/","title":{"rendered":"DOC Tinto Fern\u00e3o de Magalh\u00e3es"},"content":{"rendered":"<p class=\"p2\"><b>Castas<br \/>\n<\/b>Mistura de castas Touriga Nacional, Touriga Franca e Tinta Roriz<\/p>\n<p class=\"p2\"><b>Caracter\u00edsticas F\u00edsico-qu\u00edmicas<br \/>\n<\/b><b>Teor alco\u00f3lico (\u00ba) \u2014<\/b>&nbsp;14.5%<br \/>\n<b>Acidez Total \u2014<\/b>&nbsp;5.8 g\/L<br \/>\n<b>pH \u2014&nbsp;<\/b>3.7<\/p>\n<p class=\"p2\"><b>Cor<br \/>\n<\/b>Vermelho Ruby<\/p>\n<p class=\"p2\"><b>Aroma<br \/>\n<\/b>Concentra\u00e7\u00e3o e complexidade arom\u00e1tica, notas de frutos silvestres frescos<\/p>\n<p class=\"p2\"><b>Boca<br \/>\n<\/b>Elegante, evolu\u00eddo com um final de boca longo e equilibrado<\/p>\n<p class=\"p2\"><b>Gastronomia<br \/>\n<\/b>Ideal para acompanhar carnes vermelhas<\/p>\n<p class=\"p2\"><b>En\u00f3logo<br \/>\n<\/b>Celeste Marques<\/p>\n","protected":false},"excerpt":{"rendered":"<p>Castas Mistura de castas Touriga Nacional, Touriga Franca e Tinta Roriz Caracter\u00edsticas F\u00edsico-qu\u00edmicas Teor alco\u00f3lico (\u00ba) \u2014&nbsp;14.5% Acidez Total \u2014&nbsp;5.8 g\/L pH \u2014&nbsp;3.7 Cor Vermelho Ruby Aroma Concentra\u00e7\u00e3o e complexidade arom\u00e1tica, notas de frutos silvestres frescos Boca Elegante, evolu\u00eddo com um final de boca longo e equilibrado Gastronomia Ideal para acompanhar carnes vermelhas En\u00f3logo Celeste [&hellip;]<\/p>\n","protected":false},"author":2,"featured_media":1791,"comment_status":"closed","ping_status":"open","sticky":false,"template":"post-templates\/post_nosidebar.php","format":"standard","meta":{"ngg_post_thumbnail":0},"categories":[2,9],"tags":[],"_links":{"self":[{"href":"http:\/\/adegacooperativadesabrosa.pt\/adega\/wp-json\/wp\/v2\/posts\/678"}],"collection":[{"href":"http:\/\/adegacooperativadesabrosa.pt\/adega\/wp-json\/wp\/v2\/posts"}],"about":[{"href":"http:\/\/adegacooperativadesabrosa.pt\/adega\/wp-json\/wp\/v2\/types\/post"}],"author":[{"embeddable":true,"href":"http:\/\/adegacooperativadesabrosa.pt\/adega\/wp-json\/wp\/v2\/users\/2"}],"replies":[{"embeddable":true,"href":"http:\/\/adegacooperativadesabrosa.pt\/adega\/wp-json\/wp\/v2\/comments?post=678"}],"version-history":[{"count":3,"href":"http:\/\/adegacooperativadesabrosa.pt\/adega\/wp-json\/wp\/v2\/posts\/678\/revisions"}],"predecessor-version":[{"id":1792,"href":"http:\/\/adegacooperativadesabrosa.pt\/adega\/wp-json\/wp\/v2\/posts\/678\/revisions\/1792"}],"wp:featuredmedia":[{"embeddable":true,"href":"http:\/\/adegacooperativadesabrosa.pt\/adega\/wp-json\/wp\/v2\/media\/1791"}],"wp:attachment":[{"href":"http:\/\/adegacooperativadesabrosa.pt\/adega\/wp-json\/wp\/v2\/media?parent=678"}],"wp:term":[{"taxonomy":"category","embeddable":true,"href":"http:\/\/adegacooperativadesabrosa.pt\/adega\/wp-json\/wp\/v2\/categories?post=678"},{"taxonomy":"post_tag","embeddable":true,"href":"http:\/\/adegacooperativadesabrosa.pt\/adega\/wp-json\/wp\/v2\/tags?post=678"}],"curies":[{"name":"wp","href":"https:\/\/api.w.org\/{rel}","templated":true}]}}