{"id":682,"date":"2018-07-02T17:01:14","date_gmt":"2018-07-02T17:01:14","guid":{"rendered":"http:\/\/adegacooperativadesabrosa.pt\/adega\/?p=682"},"modified":"2021-10-07T23:19:46","modified_gmt":"2021-10-07T23:19:46","slug":"doc-reserva-tinto-fernao-de-magalhaes","status":"publish","type":"post","link":"http:\/\/adegacooperativadesabrosa.pt\/adega\/2018\/07\/02\/doc-reserva-tinto-fernao-de-magalhaes\/","title":{"rendered":"DOC Reserva Tinto Fern\u00e3o de Magalh\u00e3es"},"content":{"rendered":"<p class=\"p2\"><b>Castas<br \/>\n<\/b>Touriga Nacional e Tinta Roriz<\/p>\n<p class=\"p2\"><b>Caracter\u00edsticas F\u00edsico-qu\u00edmicas<br \/>\n<\/b><b>Teor alco\u00f3lico (\u00ba)- <\/b>13.5% <b>Acidez Total- <\/b>5.0 g\/L <b>pH: <\/b>3.7<\/p>\n<p class=\"p2\"><b>Cor<br \/>\n<\/b>Vermelho Ruby<\/p>\n<p class=\"p2\"><b>Aroma<br \/>\n<\/b>Notas de frutos silvestres, framboesas maduras, mirtilo, com tostados muito suaves<\/p>\n<p class=\"p2\"><b>Boca<br \/>\n<\/b>Elegante, persistente e evolu\u00eddo em grande harmonia para uma estrutura muito compacta de taninos firmes.<\/p>\n<p class=\"p2\"><b>Gastronomia<br \/>\n<\/b>Ideal para acompanhar pratos de queijos e carnes de ca\u00e7a<\/p>\n<p class=\"p2\"><b>En\u00f3logo<br \/>\n<\/b>Celeste Marques<\/p>\n<p class=\"p4\"><strong>Nota: est\u00e1gio de 9 meses em pipas de Carvalho Franc\u00eas<\/strong><\/p>\n","protected":false},"excerpt":{"rendered":"<p>Castas Touriga Nacional e Tinta Roriz Caracter\u00edsticas F\u00edsico-qu\u00edmicas Teor alco\u00f3lico (\u00ba)- 13.5% Acidez Total- 5.0 g\/L pH: 3.7 Cor Vermelho Ruby Aroma Notas de frutos silvestres, framboesas maduras, mirtilo, com tostados muito suaves Boca Elegante, persistente e evolu\u00eddo em grande harmonia para uma estrutura muito compacta de taninos firmes. Gastronomia Ideal para acompanhar pratos de [&hellip;]<\/p>\n","protected":false},"author":2,"featured_media":1789,"comment_status":"closed","ping_status":"open","sticky":false,"template":"post-templates\/post_nosidebar.php","format":"standard","meta":{"ngg_post_thumbnail":0},"categories":[2,9],"tags":[],"_links":{"self":[{"href":"http:\/\/adegacooperativadesabrosa.pt\/adega\/wp-json\/wp\/v2\/posts\/682"}],"collection":[{"href":"http:\/\/adegacooperativadesabrosa.pt\/adega\/wp-json\/wp\/v2\/posts"}],"about":[{"href":"http:\/\/adegacooperativadesabrosa.pt\/adega\/wp-json\/wp\/v2\/types\/post"}],"author":[{"embeddable":true,"href":"http:\/\/adegacooperativadesabrosa.pt\/adega\/wp-json\/wp\/v2\/users\/2"}],"replies":[{"embeddable":true,"href":"http:\/\/adegacooperativadesabrosa.pt\/adega\/wp-json\/wp\/v2\/comments?post=682"}],"version-history":[{"count":2,"href":"http:\/\/adegacooperativadesabrosa.pt\/adega\/wp-json\/wp\/v2\/posts\/682\/revisions"}],"predecessor-version":[{"id":791,"href":"http:\/\/adegacooperativadesabrosa.pt\/adega\/wp-json\/wp\/v2\/posts\/682\/revisions\/791"}],"wp:featuredmedia":[{"embeddable":true,"href":"http:\/\/adegacooperativadesabrosa.pt\/adega\/wp-json\/wp\/v2\/media\/1789"}],"wp:attachment":[{"href":"http:\/\/adegacooperativadesabrosa.pt\/adega\/wp-json\/wp\/v2\/media?parent=682"}],"wp:term":[{"taxonomy":"category","embeddable":true,"href":"http:\/\/adegacooperativadesabrosa.pt\/adega\/wp-json\/wp\/v2\/categories?post=682"},{"taxonomy":"post_tag","embeddable":true,"href":"http:\/\/adegacooperativadesabrosa.pt\/adega\/wp-json\/wp\/v2\/tags?post=682"}],"curies":[{"name":"wp","href":"https:\/\/api.w.org\/{rel}","templated":true}]}}