{"id":686,"date":"2021-10-07T23:28:45","date_gmt":"2021-10-07T23:28:45","guid":{"rendered":"http:\/\/adegacooperativadesabrosa.pt\/adega\/?p=686"},"modified":"2021-10-07T23:28:47","modified_gmt":"2021-10-07T23:28:47","slug":"doc-caves-sabrosa-tinto","status":"publish","type":"post","link":"http:\/\/adegacooperativadesabrosa.pt\/adega\/2021\/10\/07\/doc-caves-sabrosa-tinto\/","title":{"rendered":"DOC Caves Sabrosa Tinto"},"content":{"rendered":"<p class=\"p2\"><b>Castas<br \/>\n<\/b>Mistura de diversas castas como Touriga Nacional, Touriga Franca, Tinta Roriz<\/p>\n<p class=\"p2\"><b>Caracter\u00edsticas F\u00edsico-qu\u00edmicas<br \/>\n<\/b><b>Teor alco\u00f3lico (\u00ba) <\/b>\u201413.3%<br \/>\n<b>Acidez Total <\/b>\u20145.2 g\/L<br \/>\n<b>pH <\/b>\u2014 3.76<br \/>\n<b><\/b><\/p>\n<p class=\"p2\"><b>Cor<br \/>\n<\/b>Vermelho Rubi<\/p>\n<p class=\"p2\"><b>Aroma<br \/>\n<\/b>Aroma Jovem, com notas de frutos vermelhos maduros<\/p>\n<p class=\"p2\"><b>Boca<br \/>\n<\/b>Bom equil\u00edbrio entre estrutura, o \u00e1lcool e corpo.<\/p>\n<p class=\"p2\"><b>Gastronomia<br \/>\n<\/b>Ideal no acompanhamento de pratos de carnes Vermelhas<\/p>\n<p class=\"p2\"><b>En\u00f3logo<br \/>\n<\/b>Celeste Marques<\/p>\n","protected":false},"excerpt":{"rendered":"<p>Castas Mistura de diversas castas como Touriga Nacional, Touriga Franca, Tinta Roriz Caracter\u00edsticas F\u00edsico-qu\u00edmicas Teor alco\u00f3lico (\u00ba) \u201413.3% Acidez Total \u20145.2 g\/L pH \u2014 3.76 Cor Vermelho Rubi Aroma Aroma Jovem, com notas de frutos vermelhos maduros Boca Bom equil\u00edbrio entre estrutura, o \u00e1lcool e corpo. Gastronomia Ideal no acompanhamento de pratos de carnes Vermelhas [&hellip;]<\/p>\n","protected":false},"author":2,"featured_media":1795,"comment_status":"open","ping_status":"open","sticky":false,"template":"post-templates\/post_nosidebar.php","format":"standard","meta":{"ngg_post_thumbnail":0},"categories":[2,9],"tags":[],"_links":{"self":[{"href":"http:\/\/adegacooperativadesabrosa.pt\/adega\/wp-json\/wp\/v2\/posts\/686"}],"collection":[{"href":"http:\/\/adegacooperativadesabrosa.pt\/adega\/wp-json\/wp\/v2\/posts"}],"about":[{"href":"http:\/\/adegacooperativadesabrosa.pt\/adega\/wp-json\/wp\/v2\/types\/post"}],"author":[{"embeddable":true,"href":"http:\/\/adegacooperativadesabrosa.pt\/adega\/wp-json\/wp\/v2\/users\/2"}],"replies":[{"embeddable":true,"href":"http:\/\/adegacooperativadesabrosa.pt\/adega\/wp-json\/wp\/v2\/comments?post=686"}],"version-history":[{"count":3,"href":"http:\/\/adegacooperativadesabrosa.pt\/adega\/wp-json\/wp\/v2\/posts\/686\/revisions"}],"predecessor-version":[{"id":1796,"href":"http:\/\/adegacooperativadesabrosa.pt\/adega\/wp-json\/wp\/v2\/posts\/686\/revisions\/1796"}],"wp:featuredmedia":[{"embeddable":true,"href":"http:\/\/adegacooperativadesabrosa.pt\/adega\/wp-json\/wp\/v2\/media\/1795"}],"wp:attachment":[{"href":"http:\/\/adegacooperativadesabrosa.pt\/adega\/wp-json\/wp\/v2\/media?parent=686"}],"wp:term":[{"taxonomy":"category","embeddable":true,"href":"http:\/\/adegacooperativadesabrosa.pt\/adega\/wp-json\/wp\/v2\/categories?post=686"},{"taxonomy":"post_tag","embeddable":true,"href":"http:\/\/adegacooperativadesabrosa.pt\/adega\/wp-json\/wp\/v2\/tags?post=686"}],"curies":[{"name":"wp","href":"https:\/\/api.w.org\/{rel}","templated":true}]}}