{"id":692,"date":"2018-07-02T17:03:35","date_gmt":"2018-07-02T17:03:35","guid":{"rendered":"http:\/\/adegacooperativadesabrosa.pt\/adega\/?p=692"},"modified":"2021-10-07T22:58:58","modified_gmt":"2021-10-07T22:58:58","slug":"vinho-branco-adega-sabrosa","status":"publish","type":"post","link":"http:\/\/adegacooperativadesabrosa.pt\/adega\/2018\/07\/02\/vinho-branco-adega-sabrosa\/","title":{"rendered":"Vinho Branco Adega Sabrosa"},"content":{"rendered":"<p class=\"p2\"><b>Castas<br \/>\n<\/b>Mistura de castas Brancas<\/p>\n<p class=\"p2\"><b>Caracter\u00edsticas F\u00edsico-qu\u00edmicas<br \/>\n<\/b><b>Teor alco\u00f3lico (\u00ba) <\/b>\u2014 12. 5%<br \/>\n<b>Acidez Total <\/b>\u2014 5.15 g\/L<br \/>\n<b>pH <\/b>\u2014 3.31<\/p>\n<p class=\"p2\"><b>Cor<br \/>\n<\/b>Citrino e Brilhante<\/p>\n<p class=\"p2\"><b>Aroma<br \/>\n<\/b>Floral com notas de frutos tropicais<\/p>\n<p class=\"p2\"><b>Boca<br \/>\n<\/b>Corpo m\u00e9dio, fresco e com boa acidez<\/p>\n<p class=\"p2\"><b>Gastronomia<br \/>\n<\/b>Ideal como aperitivo ou no acompanhamento de entradas como pat\u00e9s de marisco, saladas ligeiras e pratos de peixe<\/p>\n<p class=\"p2\"><b>En\u00f3logo<br \/>\n<\/b>Celeste Marques<\/p>\n","protected":false},"excerpt":{"rendered":"<p>Castas Mistura de castas Brancas Caracter\u00edsticas F\u00edsico-qu\u00edmicas Teor alco\u00f3lico (\u00ba) \u2014 12. 5% Acidez Total \u2014 5.15 g\/L pH \u2014 3.31 Cor Citrino e Brilhante Aroma Floral com notas de frutos tropicais Boca Corpo m\u00e9dio, fresco e com boa acidez Gastronomia Ideal como aperitivo ou no acompanhamento de entradas como pat\u00e9s de marisco, saladas ligeiras [&hellip;]<\/p>\n","protected":false},"author":2,"featured_media":1784,"comment_status":"closed","ping_status":"open","sticky":false,"template":"post-templates\/post_nosidebar.php","format":"standard","meta":{"ngg_post_thumbnail":0},"categories":[2,3],"tags":[],"_links":{"self":[{"href":"http:\/\/adegacooperativadesabrosa.pt\/adega\/wp-json\/wp\/v2\/posts\/692"}],"collection":[{"href":"http:\/\/adegacooperativadesabrosa.pt\/adega\/wp-json\/wp\/v2\/posts"}],"about":[{"href":"http:\/\/adegacooperativadesabrosa.pt\/adega\/wp-json\/wp\/v2\/types\/post"}],"author":[{"embeddable":true,"href":"http:\/\/adegacooperativadesabrosa.pt\/adega\/wp-json\/wp\/v2\/users\/2"}],"replies":[{"embeddable":true,"href":"http:\/\/adegacooperativadesabrosa.pt\/adega\/wp-json\/wp\/v2\/comments?post=692"}],"version-history":[{"count":3,"href":"http:\/\/adegacooperativadesabrosa.pt\/adega\/wp-json\/wp\/v2\/posts\/692\/revisions"}],"predecessor-version":[{"id":784,"href":"http:\/\/adegacooperativadesabrosa.pt\/adega\/wp-json\/wp\/v2\/posts\/692\/revisions\/784"}],"wp:featuredmedia":[{"embeddable":true,"href":"http:\/\/adegacooperativadesabrosa.pt\/adega\/wp-json\/wp\/v2\/media\/1784"}],"wp:attachment":[{"href":"http:\/\/adegacooperativadesabrosa.pt\/adega\/wp-json\/wp\/v2\/media?parent=692"}],"wp:term":[{"taxonomy":"category","embeddable":true,"href":"http:\/\/adegacooperativadesabrosa.pt\/adega\/wp-json\/wp\/v2\/categories?post=692"},{"taxonomy":"post_tag","embeddable":true,"href":"http:\/\/adegacooperativadesabrosa.pt\/adega\/wp-json\/wp\/v2\/tags?post=692"}],"curies":[{"name":"wp","href":"https:\/\/api.w.org\/{rel}","templated":true}]}}